{"id":342,"date":"2024-07-15T09:38:13","date_gmt":"2024-07-15T09:38:13","guid":{"rendered":"https:\/\/restaurantmiravall.com\/jornada-de-cocina-con-safra-kika\/"},"modified":"2024-07-15T09:38:14","modified_gmt":"2024-07-15T09:38:14","slug":"jornada-de-cocina-con-safra-kika","status":"publish","type":"post","link":"https:\/\/restaurantmiravall.com\/es\/jornada-de-cocina-con-safra-kika\/","title":{"rendered":"Jornada de cocina con Safr\u00e0 Kika"},"content":{"rendered":"\n<p>Os dejamos un resumen de la Jornada de cocina con Azafr\u00e1n Kika de Orta @kikasafradorta en la que participamos la semana pasada.<\/p>\n\n<p>\ud83c\udf7d\ufe0f Disfrutamos con la presencia de Cisco y Guido del Hotel Miralles y Josep Berenguer.<\/p>\n\n<p>\ud83d\udfe2 \u00a1Apostamos por peque\u00f1os productores de nuestro territorio!<\/p>\n\n<p>En el restaurante Miravall, estamos comprometidos con la promoci\u00f3n de la cocina local y de temporada. La semana pasada, tuvimos el honor de participar en la Jornada de cocina con Azafr\u00e1n Kika de Orta, un evento que celebr\u00f3 la riqueza de nuestra tierra y el talento de peque\u00f1os productores. La presencia de Cisco y Guido del Hotel Miralles y Josep Berenguer hizo que esta jornada fuera a\u00fan m\u00e1s especial.  <\/p>\n\n<p>Este evento es una muestra de nuestro firme compromiso con la cocina de mercado y la colaboraci\u00f3n con productores locales. El azafr\u00e1n de Kika de Orta es un ejemplo perfecto de los ingredientes de alta calidad que buscamos incorporar en nuestros platos, para ofrecer una experiencia gastron\u00f3mica \u00fanica y aut\u00e9ntica. <\/p>\n\n<p>En Miravall, ubicado en Batea, Terra Alta, Tarragona, nos enorgullece ofrecer men\u00fas que destacan por su frescura y sabor, como el Men\u00fa del Aceite, Men\u00fa Maridaje, Men\u00fa Vendimia, Men\u00fa Trufa y Men\u00fa Carnaval. Cada uno de estos men\u00fas est\u00e1 cuidadosamente dise\u00f1ado para resaltar lo mejor de nuestra cocina local y de temporada, ideal para banquetes y celebraciones. <\/p>\n\n<p>Te invitamos a visitarnos y descubrir c\u00f3mo la dedicaci\u00f3n a los peque\u00f1os productores y el amor por la cocina de mercado se reflejan en cada plato. Ya sea para una comida \u00edntima o una gran celebraci\u00f3n, en Miravall encontrar\u00e1s una propuesta culinaria que deleitar\u00e1 todos tus sentidos. <\/p>\n","protected":false},"excerpt":{"rendered":"<p>Os dejamos un resumen de la Jornada de cocina con Azafr\u00e1n Kika de Orta @kikasafradorta en la que participamos la semana pasada. \ud83c\udf7d\ufe0f Disfrutamos con la<span class=\"excerpt-hellip\"> [\u2026]<\/span><\/p>\n","protected":false},"author":1,"featured_media":316,"comment_status":"closed","ping_status":"open","sticky":false,"template":"","format":"standard","meta":{"footnotes":""},"categories":[19],"tags":[],"class_list":["post-342","post","type-post","status-publish","format-standard","has-post-thumbnail","hentry","category-blog-es"],"yoast_head":"<!-- This site is optimized with the Yoast SEO plugin v27.5 - https:\/\/yoast.com\/product\/yoast-seo-wordpress\/ -->\n<title>Jornada de cocina con Safr\u00e0 Kika - Restaurant Miravall<\/title>\n<meta name=\"robots\" content=\"index, follow, max-snippet:-1, max-image-preview:large, max-video-preview:-1\" \/>\n<link rel=\"canonical\" href=\"https:\/\/restaurantmiravall.com\/es\/jornada-de-cocina-con-safra-kika\/\" \/>\n<meta property=\"og:locale\" content=\"es_ES\" \/>\n<meta property=\"og:type\" content=\"article\" \/>\n<meta property=\"og:title\" content=\"Jornada de cocina con Safr\u00e0 Kika - Restaurant Miravall\" \/>\n<meta property=\"og:description\" content=\"Os dejamos un resumen de la Jornada de cocina con Azafr\u00e1n Kika de Orta @kikasafradorta en la que participamos la semana pasada. \ud83c\udf7d\ufe0f Disfrutamos con la [\u2026]\" \/>\n<meta property=\"og:url\" content=\"https:\/\/restaurantmiravall.com\/es\/jornada-de-cocina-con-safra-kika\/\" \/>\n<meta property=\"og:site_name\" content=\"Restaurant Miravall\" \/>\n<meta property=\"article:published_time\" content=\"2024-07-15T09:38:13+00:00\" \/>\n<meta property=\"article:modified_time\" content=\"2024-07-15T09:38:14+00:00\" \/>\n<meta property=\"og:image\" content=\"https:\/\/restaurantmiravall.com\/wp-content\/uploads\/2024\/07\/jornada-zafran.webp\" \/>\n\t<meta property=\"og:image:width\" content=\"859\" \/>\n\t<meta property=\"og:image:height\" content=\"570\" \/>\n\t<meta property=\"og:image:type\" content=\"image\/webp\" \/>\n<meta name=\"twitter:card\" content=\"summary_large_image\" \/>\n<meta name=\"twitter:label1\" content=\"Escrito por\" \/>\n\t<meta name=\"twitter:data1\" content=\"\" \/>\n\t<meta name=\"twitter:label2\" content=\"Tiempo de lectura\" \/>\n\t<meta name=\"twitter:data2\" content=\"1 minuto\" \/>\n<script type=\"application\/ld+json\" class=\"yoast-schema-graph\">{\"@context\":\"https:\\\/\\\/schema.org\",\"@graph\":[{\"@type\":\"Article\",\"@id\":\"https:\\\/\\\/restaurantmiravall.com\\\/es\\\/jornada-de-cocina-con-safra-kika\\\/#article\",\"isPartOf\":{\"@id\":\"https:\\\/\\\/restaurantmiravall.com\\\/es\\\/jornada-de-cocina-con-safra-kika\\\/\"},\"author\":{\"name\":\"\",\"@id\":\"\"},\"headline\":\"Jornada de cocina con Safr\u00e0 Kika\",\"datePublished\":\"2024-07-15T09:38:13+00:00\",\"dateModified\":\"2024-07-15T09:38:14+00:00\",\"mainEntityOfPage\":{\"@id\":\"https:\\\/\\\/restaurantmiravall.com\\\/es\\\/jornada-de-cocina-con-safra-kika\\\/\"},\"wordCount\":291,\"image\":{\"@id\":\"https:\\\/\\\/restaurantmiravall.com\\\/es\\\/jornada-de-cocina-con-safra-kika\\\/#primaryimage\"},\"thumbnailUrl\":\"https:\\\/\\\/restaurantmiravall.com\\\/wp-content\\\/uploads\\\/2024\\\/07\\\/jornada-zafran.webp\",\"articleSection\":[\"Blog\"],\"inLanguage\":\"es\"},{\"@type\":\"WebPage\",\"@id\":\"https:\\\/\\\/restaurantmiravall.com\\\/es\\\/jornada-de-cocina-con-safra-kika\\\/\",\"url\":\"https:\\\/\\\/restaurantmiravall.com\\\/es\\\/jornada-de-cocina-con-safra-kika\\\/\",\"name\":\"Jornada de cocina con Safr\u00e0 Kika - Restaurant Miravall\",\"isPartOf\":{\"@id\":\"https:\\\/\\\/restaurantmiravall.com\\\/es\\\/#website\"},\"primaryImageOfPage\":{\"@id\":\"https:\\\/\\\/restaurantmiravall.com\\\/es\\\/jornada-de-cocina-con-safra-kika\\\/#primaryimage\"},\"image\":{\"@id\":\"https:\\\/\\\/restaurantmiravall.com\\\/es\\\/jornada-de-cocina-con-safra-kika\\\/#primaryimage\"},\"thumbnailUrl\":\"https:\\\/\\\/restaurantmiravall.com\\\/wp-content\\\/uploads\\\/2024\\\/07\\\/jornada-zafran.webp\",\"datePublished\":\"2024-07-15T09:38:13+00:00\",\"dateModified\":\"2024-07-15T09:38:14+00:00\",\"author\":{\"@id\":\"\"},\"breadcrumb\":{\"@id\":\"https:\\\/\\\/restaurantmiravall.com\\\/es\\\/jornada-de-cocina-con-safra-kika\\\/#breadcrumb\"},\"inLanguage\":\"es\",\"potentialAction\":[{\"@type\":\"ReadAction\",\"target\":[\"https:\\\/\\\/restaurantmiravall.com\\\/es\\\/jornada-de-cocina-con-safra-kika\\\/\"]}]},{\"@type\":\"ImageObject\",\"inLanguage\":\"es\",\"@id\":\"https:\\\/\\\/restaurantmiravall.com\\\/es\\\/jornada-de-cocina-con-safra-kika\\\/#primaryimage\",\"url\":\"https:\\\/\\\/restaurantmiravall.com\\\/wp-content\\\/uploads\\\/2024\\\/07\\\/jornada-zafran.webp\",\"contentUrl\":\"https:\\\/\\\/restaurantmiravall.com\\\/wp-content\\\/uploads\\\/2024\\\/07\\\/jornada-zafran.webp\",\"width\":859,\"height\":570,\"caption\":\"Jornada de cocina con Azafr\u00e1n Kika de Orta\"},{\"@type\":\"BreadcrumbList\",\"@id\":\"https:\\\/\\\/restaurantmiravall.com\\\/es\\\/jornada-de-cocina-con-safra-kika\\\/#breadcrumb\",\"itemListElement\":[{\"@type\":\"ListItem\",\"position\":1,\"name\":\"Home\",\"item\":\"https:\\\/\\\/restaurantmiravall.com\\\/es\\\/\"},{\"@type\":\"ListItem\",\"position\":2,\"name\":\"Jornada de cocina con Safr\u00e0 Kika\"}]},{\"@type\":\"WebSite\",\"@id\":\"https:\\\/\\\/restaurantmiravall.com\\\/es\\\/#website\",\"url\":\"https:\\\/\\\/restaurantmiravall.com\\\/es\\\/\",\"name\":\"Restaurant Miravall\",\"description\":\"Cocina de mercado y de temporada\",\"potentialAction\":[{\"@type\":\"SearchAction\",\"target\":{\"@type\":\"EntryPoint\",\"urlTemplate\":\"https:\\\/\\\/restaurantmiravall.com\\\/es\\\/?s={search_term_string}\"},\"query-input\":{\"@type\":\"PropertyValueSpecification\",\"valueRequired\":true,\"valueName\":\"search_term_string\"}}],\"inLanguage\":\"es\"},{\"@type\":\"Person\",\"@id\":\"\",\"url\":\"https:\\\/\\\/restaurantmiravall.com\\\/es\\\/author\\\/\"}]}<\/script>\n<!-- \/ Yoast SEO plugin. -->","yoast_head_json":{"title":"Jornada de cocina con Safr\u00e0 Kika - Restaurant Miravall","robots":{"index":"index","follow":"follow","max-snippet":"max-snippet:-1","max-image-preview":"max-image-preview:large","max-video-preview":"max-video-preview:-1"},"canonical":"https:\/\/restaurantmiravall.com\/es\/jornada-de-cocina-con-safra-kika\/","og_locale":"es_ES","og_type":"article","og_title":"Jornada de cocina con Safr\u00e0 Kika - Restaurant Miravall","og_description":"Os dejamos un resumen de la Jornada de cocina con Azafr\u00e1n Kika de Orta @kikasafradorta en la que participamos la semana pasada. \ud83c\udf7d\ufe0f Disfrutamos con la [\u2026]","og_url":"https:\/\/restaurantmiravall.com\/es\/jornada-de-cocina-con-safra-kika\/","og_site_name":"Restaurant Miravall","article_published_time":"2024-07-15T09:38:13+00:00","article_modified_time":"2024-07-15T09:38:14+00:00","og_image":[{"width":859,"height":570,"url":"https:\/\/restaurantmiravall.com\/wp-content\/uploads\/2024\/07\/jornada-zafran.webp","type":"image\/webp"}],"twitter_card":"summary_large_image","twitter_misc":{"Escrito por":"","Tiempo de lectura":"1 minuto"},"schema":{"@context":"https:\/\/schema.org","@graph":[{"@type":"Article","@id":"https:\/\/restaurantmiravall.com\/es\/jornada-de-cocina-con-safra-kika\/#article","isPartOf":{"@id":"https:\/\/restaurantmiravall.com\/es\/jornada-de-cocina-con-safra-kika\/"},"author":{"name":"","@id":""},"headline":"Jornada de cocina con Safr\u00e0 Kika","datePublished":"2024-07-15T09:38:13+00:00","dateModified":"2024-07-15T09:38:14+00:00","mainEntityOfPage":{"@id":"https:\/\/restaurantmiravall.com\/es\/jornada-de-cocina-con-safra-kika\/"},"wordCount":291,"image":{"@id":"https:\/\/restaurantmiravall.com\/es\/jornada-de-cocina-con-safra-kika\/#primaryimage"},"thumbnailUrl":"https:\/\/restaurantmiravall.com\/wp-content\/uploads\/2024\/07\/jornada-zafran.webp","articleSection":["Blog"],"inLanguage":"es"},{"@type":"WebPage","@id":"https:\/\/restaurantmiravall.com\/es\/jornada-de-cocina-con-safra-kika\/","url":"https:\/\/restaurantmiravall.com\/es\/jornada-de-cocina-con-safra-kika\/","name":"Jornada de cocina con Safr\u00e0 Kika - Restaurant Miravall","isPartOf":{"@id":"https:\/\/restaurantmiravall.com\/es\/#website"},"primaryImageOfPage":{"@id":"https:\/\/restaurantmiravall.com\/es\/jornada-de-cocina-con-safra-kika\/#primaryimage"},"image":{"@id":"https:\/\/restaurantmiravall.com\/es\/jornada-de-cocina-con-safra-kika\/#primaryimage"},"thumbnailUrl":"https:\/\/restaurantmiravall.com\/wp-content\/uploads\/2024\/07\/jornada-zafran.webp","datePublished":"2024-07-15T09:38:13+00:00","dateModified":"2024-07-15T09:38:14+00:00","author":{"@id":""},"breadcrumb":{"@id":"https:\/\/restaurantmiravall.com\/es\/jornada-de-cocina-con-safra-kika\/#breadcrumb"},"inLanguage":"es","potentialAction":[{"@type":"ReadAction","target":["https:\/\/restaurantmiravall.com\/es\/jornada-de-cocina-con-safra-kika\/"]}]},{"@type":"ImageObject","inLanguage":"es","@id":"https:\/\/restaurantmiravall.com\/es\/jornada-de-cocina-con-safra-kika\/#primaryimage","url":"https:\/\/restaurantmiravall.com\/wp-content\/uploads\/2024\/07\/jornada-zafran.webp","contentUrl":"https:\/\/restaurantmiravall.com\/wp-content\/uploads\/2024\/07\/jornada-zafran.webp","width":859,"height":570,"caption":"Jornada de cocina con Azafr\u00e1n Kika de Orta"},{"@type":"BreadcrumbList","@id":"https:\/\/restaurantmiravall.com\/es\/jornada-de-cocina-con-safra-kika\/#breadcrumb","itemListElement":[{"@type":"ListItem","position":1,"name":"Home","item":"https:\/\/restaurantmiravall.com\/es\/"},{"@type":"ListItem","position":2,"name":"Jornada de cocina con Safr\u00e0 Kika"}]},{"@type":"WebSite","@id":"https:\/\/restaurantmiravall.com\/es\/#website","url":"https:\/\/restaurantmiravall.com\/es\/","name":"Restaurant Miravall","description":"Cocina de mercado y de temporada","potentialAction":[{"@type":"SearchAction","target":{"@type":"EntryPoint","urlTemplate":"https:\/\/restaurantmiravall.com\/es\/?s={search_term_string}"},"query-input":{"@type":"PropertyValueSpecification","valueRequired":true,"valueName":"search_term_string"}}],"inLanguage":"es"},{"@type":"Person","@id":"","url":"https:\/\/restaurantmiravall.com\/es\/author\/"}]}},"_links":{"self":[{"href":"https:\/\/restaurantmiravall.com\/es\/wp-json\/wp\/v2\/posts\/342","targetHints":{"allow":["GET"]}}],"collection":[{"href":"https:\/\/restaurantmiravall.com\/es\/wp-json\/wp\/v2\/posts"}],"about":[{"href":"https:\/\/restaurantmiravall.com\/es\/wp-json\/wp\/v2\/types\/post"}],"author":[{"embeddable":true,"href":"https:\/\/restaurantmiravall.com\/es\/wp-json\/wp\/v2\/users\/1"}],"replies":[{"embeddable":true,"href":"https:\/\/restaurantmiravall.com\/es\/wp-json\/wp\/v2\/comments?post=342"}],"version-history":[{"count":1,"href":"https:\/\/restaurantmiravall.com\/es\/wp-json\/wp\/v2\/posts\/342\/revisions"}],"predecessor-version":[{"id":343,"href":"https:\/\/restaurantmiravall.com\/es\/wp-json\/wp\/v2\/posts\/342\/revisions\/343"}],"wp:featuredmedia":[{"embeddable":true,"href":"https:\/\/restaurantmiravall.com\/es\/wp-json\/wp\/v2\/media\/316"}],"wp:attachment":[{"href":"https:\/\/restaurantmiravall.com\/es\/wp-json\/wp\/v2\/media?parent=342"}],"wp:term":[{"taxonomy":"category","embeddable":true,"href":"https:\/\/restaurantmiravall.com\/es\/wp-json\/wp\/v2\/categories?post=342"},{"taxonomy":"post_tag","embeddable":true,"href":"https:\/\/restaurantmiravall.com\/es\/wp-json\/wp\/v2\/tags?post=342"}],"curies":[{"name":"wp","href":"https:\/\/api.w.org\/{rel}","templated":true}]}}